{"id":768,"date":"2022-08-28T21:06:17","date_gmt":"2022-08-28T21:06:17","guid":{"rendered":"https:\/\/blog.productcluster.com\/?p=246"},"modified":"2022-08-28T21:06:17","modified_gmt":"2022-08-28T21:06:17","slug":"koeln-children-flea-market","status":"publish","type":"post","link":"http:\/\/blog.productcluster.com\/de\/blog\/2022\/08\/28\/koeln-kinderflohmarkt\/","title":{"rendered":"K\u00f6ln : Kinderflohmarkt"},"content":{"rendered":"<p>Do you live in Cologne or surroundings? We prepared a list of all toys&#8217; and children&#8217;s flea markets available there. We&#8217;ve found so many options! There&#8217;s even one option for model toys. Open negotiations always bring some unexpected results&#8230; As new events are always appearing, some may not be in our list yet, please feel free to contact us in those cases. <br \/><br \/><\/p>\n<p><!--more--><\/p>\n<p>Whether you&#8217;re a child, a parent or how old you are, it&#8217;s always a good choice to look at the options. We hope to hereby engage and promote all similar local events, supporting the community.<br class=\"\" \/><br class=\"\" \/><\/p>\n<p>Vergewissern Sie sich, ob beide Orte und Termine in Ihren Zeitplan passen, da einige von ihnen noch strengen Maskenrichtlinien f\u00fcr Besuche unterliegen. Genie\u00dfen Sie sie einfach auf eigene Faust! Hier haben wir Flohm\u00e4rkte f\u00fcr Spielzeug und Kinder in K\u00f6ln und Umgebung aufgelistet.<\/p>\n<p>&nbsp;<\/p>\n<h2 style=\"text-align: center\">Spielzeuge- und Kinderflohm\u00e4rkte in K\u00f6ln<\/h2>\n<p>&nbsp;<\/p>\n<p><img loading=\"lazy\" decoding=\"async\" class=\"wp-image-769 aligncenter\" src=\"https:\/\/blog.productcluster.com\/wp-content\/uploads\/2022\/08\/tanteastrid-300x134.jpg\" alt=\"\" width=\"322\" height=\"144\" srcset=\"https:\/\/blog.productcluster.com\/wp-content\/uploads\/2022\/08\/tanteastrid-300x134.jpg 300w, https:\/\/blog.productcluster.com\/wp-content\/uploads\/2022\/08\/tanteastrid-18x8.jpg 18w, https:\/\/blog.productcluster.com\/wp-content\/uploads\/2022\/08\/tanteastrid.jpg 392w\" sizes=\"auto, (max-width: 322px) 100vw, 322px\" \/><\/p>\n<ul>\n<li><u><u><a href=\"http:\/\/www.tante-astrid.de\/familien-kinder-flohmarktneu.html\" target=\"_blank\" rel=\"noopener\"><strong>Kinderflohmarkt\/Familienflohmarkt im &#8220;Tante Astrid&#8221;<\/strong><\/a><br class=\"\" \/><a href=\"https:\/\/goo.gl\/maps\/ncb7DbWLsHvszEdk9\" target=\"_blank\" rel=\"noopener\">Moltkestra\u00dfe 79, 50674 K\u00f6ln<\/a><br \/>\n<\/u><\/u><\/li>\n<\/ul>\n<p>&nbsp;<\/p>\n<p style=\"text-align: center\"><img loading=\"lazy\" decoding=\"async\" class=\"alignnone wp-image-770 size-medium\" src=\"https:\/\/blog.productcluster.com\/wp-content\/uploads\/2022\/08\/Lok_Adler_Startseite_mini-300x169.jpg\" alt=\"\" width=\"300\" height=\"169\" srcset=\"https:\/\/blog.productcluster.com\/wp-content\/uploads\/2022\/08\/Lok_Adler_Startseite_mini-300x169.jpg 300w, https:\/\/blog.productcluster.com\/wp-content\/uploads\/2022\/08\/Lok_Adler_Startseite_mini-18x10.jpg 18w, https:\/\/blog.productcluster.com\/wp-content\/uploads\/2022\/08\/Lok_Adler_Startseite_mini.jpg 480w\" sizes=\"auto, (max-width: 300px) 100vw, 300px\" \/><\/p>\n<ul>\n<li><u><u><a href=\"http:\/\/www.adler-maerkte.de\/index.php?option=com_seminar&amp;Itemid=54\" target=\"_blank\" rel=\"noopener\"><strong>Modellspielzeug-Markt<\/strong><\/a><br class=\"\" \/><a href=\"https:\/\/goo.gl\/maps\/tceqC25jpd19M3W27\" target=\"_blank\" rel=\"noopener\">Wiener Platz, 51065 K\u00f6ln<\/a><br \/>\n<\/u><\/u><\/li>\n<\/ul>\n<p>&nbsp;<\/p>\n<ul>\n<li><u><u><strong><a href=\"https:\/\/www.kaenguru-online.de\/kalender\/maerkte\/113-kinderflohmarkt\/2022-08-28\" target=\"_blank\" rel=\"noopener\">Kita St. Maria K\u00f6nigin Frankenforst<\/a><\/strong><br class=\"\" \/><a href=\"https:\/\/goo.gl\/maps\/4bN3D81Yti2sym5g6\" target=\"_blank\" rel=\"noopener\">Im Hain 31, 51427 Bergisch Gladbach<\/a><br \/>\n<\/u><\/u><\/li>\n<\/ul>\n<p>&nbsp;<\/p>\n<ul>\n<li><u><a href=\"https:\/\/www.kaenguru-online.de\/kalender\/maerkte\/kinderflohmarkt-129\/2022-08-28\" target=\"_blank\" rel=\"noopener\"><strong>AWO Kita Wirbelwind Vingst<\/strong><\/a><br class=\"\" \/><a href=\"https:\/\/goo.gl\/maps\/RpQxWFWxEMPY3SHcA\" target=\"_blank\" rel=\"noopener\">Waldstr. 71, 51107 K\u00f6ln<\/a><br \/>\n<\/u><\/li>\n<\/ul>\n<p>&nbsp;<\/p>\n<ul>\n<li><u><a href=\"https:\/\/www.kaenguru-online.de\/kalender\/maerkte\/kinderflohmarkt-25\/2022-09-03\" target=\"_blank\" rel=\"noopener\"><strong> Fr\u00f6bel Kiga Regenbogen Ehrenfeld<\/strong><\/a><br class=\"\" \/><a href=\"https:\/\/goo.gl\/maps\/apDA5ste3V2cdR7M9\" target=\"_blank\" rel=\"noopener\">Subbelrather Str. 462, 50825 K\u00f6ln<\/a><\/u><\/li>\n<\/ul>\n<p>&nbsp;<\/p>\n<ul>\n<li><u><a href=\"https:\/\/kaenguru-online.de\/kalender\/maerkte\/familienflohmarkt-2\/2022-09-03\" target=\"_blank\" rel=\"noopener\"><strong>Ev. Gemeindezentrum zum Heilsbrunnen<\/strong><\/a><br class=\"\" \/><a href=\"https:\/\/goo.gl\/maps\/S23zcp5Jjv8znFEa8\" target=\"_blank\" rel=\"noopener\">Im Kleefeld 23, 51467 Berg. Gladbach-Hebborn<\/a><br \/>\n<\/u><\/li>\n<\/ul>\n<p>&nbsp;<\/p>\n<ul>\n<li><u><u><a href=\"https:\/\/www.kaenguru-online.de\/kalender\/maerkte\/kinderflohmarkt-53\/2022-09-03\" target=\"_blank\" rel=\"noopener\"><strong>Kita Wilde Wiese Berg. Gladbach<\/strong><\/a><br class=\"\" \/><a href=\"https:\/\/goo.gl\/maps\/NWYfVgFcvTRF3ZTY9\" target=\"_blank\" rel=\"noopener\">J\u00e4gerstr. 50, 51465 Bergisch Gladbach<\/a><br \/>\n<\/u><\/u><\/li>\n<\/ul>\n<p>&nbsp;<\/p>\n<ul>\n<li><u><a href=\"https:\/\/www.kaenguru-online.de\/kalender\/maerkte\/324-kinderflohmarkt\/2022-09-04\" target=\"_blank\" rel=\"noopener\"><strong> Kita St. Johann Baptist H\u00f6henhaus<\/strong><\/a><br class=\"\" \/><a href=\"https:\/\/goo.gl\/maps\/CxJMCnvq2rvvoDia7\" target=\"_blank\" rel=\"noopener\">Honschaftsstr. 339, 51061 K\u00f6ln<\/a><br \/>\n<\/u><\/li>\n<\/ul>\n<p>&nbsp;<\/p>\n<ul>\n<li><u><a href=\"https:\/\/www.kaenguru-online.de\/kalender\/maerkte\/1-flohmarkt-rund-ums-kind\/2022-09-10\" target=\"_blank\" rel=\"noopener\"><strong> KiTa an St. Rochus Bickendorf<\/strong><\/a><br class=\"\" \/><a href=\"https:\/\/goo.gl\/maps\/jCLZMv79C2EWoLc28\" target=\"_blank\" rel=\"noopener\">Rochusstr. 143, 50827 K\u00f6ln<\/a><\/u><\/li>\n<\/ul>\n<p>&nbsp;<\/p>\n<ul>\n<li><u><a href=\"https:\/\/www.kaenguru-online.de\/kalender\/maerkte\/37-kinderflohmarkt\/2022-09-10\" target=\"_blank\" rel=\"noopener\"><strong> Kita Herkenrather Farbkleckse<\/strong><\/a><br class=\"\" \/><a href=\"https:\/\/goo.gl\/maps\/EStzVzHJrPk2vBAg8\" target=\"_blank\" rel=\"noopener\">Asselborner Weg 44, 51429 Bergisch Gladbach<\/a><\/u><\/li>\n<\/ul>\n<p>&nbsp;<\/p>\n<ul>\n<li><u><a href=\"https:\/\/www.kaenguru-online.de\/kalender\/maerkte\/139-kinderflohmarkt\/2022-09-11\" target=\"_blank\" rel=\"noopener\"><strong> Br\u00fcder-Grimm-Grundschule S\u00fcrth<\/strong><\/a><br class=\"\" \/><a href=\"https:\/\/goo.gl\/maps\/RvngN5cXWWot2oP6A\" target=\"_blank\" rel=\"noopener\">S\u00fcrther Hauptstr. 149, 50999 K\u00f6ln<\/a><\/u><\/li>\n<\/ul>\n<p>&nbsp;<\/p>\n<ul>\n<li><u><a href=\"https:\/\/www.kaenguru-online.de\/kalender\/maerkte\/13-kinderflohmarkt\/2022-09-18\" target=\"_blank\" rel=\"noopener\"><strong> Elterninitiative Kinderparadies Poll<\/strong><\/a><br class=\"\" \/><a href=\"https:\/\/goo.gl\/maps\/SfCEpPbm5bmWaaNC8\" target=\"_blank\" rel=\"noopener\">M\u00fcllergasse 21, 51105 K\u00f6ln<\/a><\/u><\/li>\n<\/ul>\n<p>&nbsp;<\/p>\n<ul>\n<li><u><a href=\"https:\/\/www.kaenguru-online.de\/kalender\/maerkte\/265-kinderflohmarkt\/2022-09-18\" target=\"_blank\" rel=\"noopener\"><strong> Kita Brunnenkinder Bickendorf<\/strong><\/a><br class=\"\" \/><a href=\"https:\/\/goo.gl\/maps\/753UGRAPsi9zcyPX8\" target=\"_blank\" rel=\"noopener\">Venloer Str. 725a, 50827 K\u00f6ln<\/a><\/u><\/li>\n<\/ul>\n<p>&nbsp;<\/p>\n<ul>\n<li><u><a href=\"https:\/\/www.kaenguru-online.de\/kalender\/maerkte\/157-kinderflohmarkt\/2022-09-18\" target=\"_blank\" rel=\"noopener\"><strong> Gemeindehaus Emmauskirche Vogelsang<\/strong><\/a><br class=\"\" \/><a href=\"https:\/\/goo.gl\/maps\/d9dbpKzQKgzZEyz96\" target=\"_blank\" rel=\"noopener\">Birkhuhnweg 2b, 50829 K\u00f6ln<\/a><\/u><\/li>\n<\/ul>\n<p>&nbsp;<\/p>\n<ul>\n<li><u><a href=\"https:\/\/www.kaenguru-online.de\/kalender\/maerkte\/242-kinderflohmarkt\/2022-09-25\" target=\"_blank\" rel=\"noopener\"><strong> Kita St\u00fcttgerhofweg Junkersdorf<\/strong><\/a><br class=\"\" \/><a href=\"https:\/\/goo.gl\/maps\/8wrxNfavCenwFxf8A\" target=\"_blank\" rel=\"noopener\">St\u00fcttgerhofweg 50, 50858 K\u00f6ln<\/a><\/u><\/li>\n<\/ul>\n<p>&nbsp;<\/p>\n<ul>\n<li><u><a href=\"https:\/\/www.kaenguru-online.de\/kalender\/maerkte\/baby-und-kindersachenflohmarkt\/2022-10-15\" target=\"_blank\" rel=\"noopener\"><strong> Stepke Kita Niehler P\u00e4nz e.V.<\/strong><\/a><br class=\"\" \/><a href=\"https:\/\/goo.gl\/maps\/t5AgD6i6fzRXoae46\" target=\"_blank\" rel=\"noopener\">Pastor-Wolff-Str. 2, 50739 K\u00f6ln<\/a><\/u><\/li>\n<\/ul>\n<p>&nbsp;<\/p>\n<ul>\n<li><u><a href=\"http:\/\/kaenguru-online.de\/kalender\/maerkte\/113-kinderflohmarkt\/2022-08-28\" target=\"_blank\" rel=\"noopener\"><strong> Gemeindezentrum der Kirchengemeinde St. Johann Baptist in Refrath<\/strong><\/a><br class=\"\" \/><a href=\"https:\/\/goo.gl\/maps\/Jke5esr2mQUGT9Ec8\" target=\"_blank\" rel=\"noopener\">Kirchplatz 12, 51427 Bergisch Gladbach<\/a><\/u><\/li>\n<\/ul>\n<p>&nbsp;<\/p>\n<ul>\n<li><u><a href=\"https:\/\/www.gut-leidenhausen.de\/aktuelles\/indoor-kinderflohmarkt\/\" target=\"_blank\" rel=\"noopener\"><strong> Heideportal\/ Umweltbildungszentrum Gut Leidenhausen<\/strong><\/a><br class=\"\" \/><a href=\"https:\/\/goo.gl\/maps\/RbSoPGjY2MMM7NdD7\" target=\"_blank\" rel=\"noopener\">Gut Leidenhausen 1, 51147 K\u00f6ln<\/a><\/u><\/li>\n<\/ul>\n<p>&nbsp;<\/p>\n<ul>\n<li><u><a href=\"https:\/\/basarlino.de\/1633\" target=\"_blank\" rel=\"noopener\"><strong> Fr\u00f6bel-Kindergarten An St. Matthias<\/strong><\/a><br class=\"\" \/><a href=\"https:\/\/goo.gl\/maps\/drjooLc8L57ZRhn47\" target=\"_blank\" rel=\"noopener\">Bernhardstra\u00dfe 101-103, 50968 K\u00f6ln<\/a><\/u><\/li>\n<\/ul>\n<p><br class=\"\" \/>If you&#8217;re interested in local alternatives for shopping, you could have a look <a href=\"https:\/\/blog.productcluster.com\/de\/blog\/tag\/local-alternatives\/\"><u>unsere Serie<\/u><\/a>.<br class=\"\" \/><br class=\"\" \/><\/p>\n<p><strong>Nicht nur dort, dieser Beitrag wird von Zeit zu Zeit aktualisiert werden. Bitte geben Sie uns Bescheid, falls sich pl\u00f6tzlich etwas ge\u00e4ndert hat! Gerne k\u00f6nnen Sie uns auch \u00fcber andere Veranstaltungen von Flohm\u00e4rkten f\u00fcr Spielzeug und Kinder schreiben, damit wir diese Serie aktualisieren k\u00f6nnen und andere davon erfahren.<\/strong><\/p>\n<h5>Have you been to any of those flea markets listed? Share your experience with us, we&#8217;re sure that others will enjoy to know about it too! &#x1f60d;<\/h5>\n<h5>Help others by telling them about this post, they&#8217;ll surely be happy to get this piece of information. Who doesn&#8217;t like to save some time? Hours in research for valid options would be spent!<\/h5>\n<span class=\"et_bloom_bottom_trigger\"><\/span>","protected":false},"excerpt":{"rendered":"<p>Do you live in Cologne or surroundings? We prepared a list of all toys&#8217; and children&#8217;s flea markets available there. We&#8217;ve found so many options! There&#8217;s even one option for model toys. Open negotiations always bring some unexpected results&#8230; As new events are always appearing, some may not be in our list yet, please feel [&hellip;]<\/p>\n","protected":false},"author":2,"featured_media":772,"comment_status":"open","ping_status":"open","sticky":false,"template":"","format":"standard","meta":{"_acf_changed":false,"nf_dc_page":"","om_disable_all_campaigns":false,"pagelayer_contact_templates":[],"_pagelayer_content":"","footnotes":""},"categories":[82,35],"tags":[25,83,48,39,44,253,50,22,36,23,166,220,225,21,84,72,49],"class_list":["post-768","post","type-post","status-publish","format-standard","has-post-thumbnail","hentry","category-events","category-local","tag-buy","tag-children-flea-market","tag-educational-toys","tag-german-toys","tag-in-person","tag-koln","tag-learning-toys","tag-local-market","tag-local-shopping","tag-local-stores","tag-model-toys","tag-modellbau","tag-stadt-hamburg","tag-sustainability","tag-toy-flea-market","tag-trains","tag-wooden-toys"],"acf":[],"_links":{"self":[{"href":"http:\/\/blog.productcluster.com\/de\/wp-json\/wp\/v2\/posts\/768","targetHints":{"allow":["GET"]}}],"collection":[{"href":"http:\/\/blog.productcluster.com\/de\/wp-json\/wp\/v2\/posts"}],"about":[{"href":"http:\/\/blog.productcluster.com\/de\/wp-json\/wp\/v2\/types\/post"}],"author":[{"embeddable":true,"href":"http:\/\/blog.productcluster.com\/de\/wp-json\/wp\/v2\/users\/2"}],"replies":[{"embeddable":true,"href":"http:\/\/blog.productcluster.com\/de\/wp-json\/wp\/v2\/comments?post=768"}],"version-history":[{"count":2,"href":"http:\/\/blog.productcluster.com\/de\/wp-json\/wp\/v2\/posts\/768\/revisions"}],"predecessor-version":[{"id":773,"href":"http:\/\/blog.productcluster.com\/de\/wp-json\/wp\/v2\/posts\/768\/revisions\/773"}],"wp:featuredmedia":[{"embeddable":true,"href":"http:\/\/blog.productcluster.com\/de\/wp-json\/wp\/v2\/media\/772"}],"wp:attachment":[{"href":"http:\/\/blog.productcluster.com\/de\/wp-json\/wp\/v2\/media?parent=768"}],"wp:term":[{"taxonomy":"category","embeddable":true,"href":"http:\/\/blog.productcluster.com\/de\/wp-json\/wp\/v2\/categories?post=768"},{"taxonomy":"post_tag","embeddable":true,"href":"http:\/\/blog.productcluster.com\/de\/wp-json\/wp\/v2\/tags?post=768"}],"curies":[{"name":"wp","href":"https:\/\/api.w.org\/{rel}","templated":true}]}}